{"id":28069,"date":"2018-03-21T15:07:27","date_gmt":"2018-03-21T14:07:27","guid":{"rendered":"http:\/\/www.lagranda.it\/?p=28069"},"modified":"2018-05-18T10:12:04","modified_gmt":"2018-05-18T08:12:04","slug":"la-granda-sei-volte-sul-podio-per-la-razza-bovina-piemontese","status":"publish","type":"post","link":"https:\/\/lagranda.it\/en\/la-granda-sei-volte-sul-podio-per-la-razza-bovina-piemontese\/","title":{"rendered":"La Granda sei volte sul podio per la Razza Bovina Piemontese"},"content":{"rendered":"<blockquote>\n<p style=\"font-weight: 400;\"><em>La primavera, nella provincia di Cuneo, terra tradizionalmente vocata alla zootecnia, \u00e8 sancita dalle numerose fiere di Razza Piemontese che la animano.<\/em><\/p>\n<\/blockquote>\n<hr \/>\n<p style=\"font-weight: 400;\">La citt\u00e0 di Cuneo \u00e8 stata protagonista<strong> luned\u00ec 19 marzo<\/strong>, quando si \u00e8 svolta la <strong>68\u00b0 edizione della Mostra Zootecnica<\/strong>, organizzata in collaborazione con l\u2019Anaborapi. Qui, si sono sfidati i bovini di Razza Piemontese, vacche, tori e vitelloni, di tutta la provincia, al fine di ottenere la prestigiosa gualdrappa.<\/p>\n<p style=\"font-weight: 400;\"><strong>Mercoled\u00ec 21 marzo<\/strong>, la protagonista \u00e8 stata la citt\u00e0 di Fossano con la tradizionale <strong>Fiera del Vitello Grasso<\/strong>. Attesa per l\u2019alone di mistero che la caratterizza, non si sa infatti fino all\u2019ultimo quanti capi parteciperanno, ha coinvolto allevatori e appassionati zootecnici del Piemonte.<\/p>\n<p style=\"font-weight: 400;\">La Granda, che conta oltre settanta aziende agricole a conduzione famigliare, conferma il suo primato. Sono stati infatti ottenuti sei primi, tutti per il podio. Riconoscimenti questi che avvalorano l\u2019attenzione che La Granda dedica alla genetica e al benessere degli animali.<\/p>\n<hr \/>\n<p style=\"font-weight: 400;\"><span style=\"text-decoration: underline;\"><strong>68\u00b0 Mostra Zootecnica di Cuneo<\/strong><\/span><\/p>\n<p style=\"font-weight: 400;\"><strong>Fratelli Panero\u00a0&#8211; 2\u00b0 Premio<\/strong>\u00a0&#8211; Categoria Femmine di Razza Piemontese<br \/>\n<strong>Fratelli Panero\u00a0&#8211; 3\u00b0 Premio<\/strong>\u00a0&#8211; Categoria Femmine di Razza Piemontese<\/p>\n<hr \/>\n<p style=\"font-weight: 400;\"><span style=\"text-decoration: underline;\"><strong>91\u00b0 Fiera del Vitello Grasso di Fossano<\/strong><\/span><\/p>\n<p style=\"font-weight: 400;\"><strong>Walter Dogliani\u00a0&#8211; 1\u00b0 Premio<\/strong>\u00a0&#8211; Categoria Castrati della Coscia di Razza Piemontese<br \/>\n<strong>Silvio Roccia\u00a0&#8211; 1\u00b0 Premio\u00a0<\/strong>&#8211; Categoria Femmine della Coscia di Razza Piemontese<br \/>\n<strong>Mauro Olivero\u00a0&#8211; 1\u00b0 Premio<\/strong>\u00a0&#8211; Categoria Vitellone Maschio della Coscia<br \/>\n<strong>Silvio Roccia\u00a0&#8211; 2\u00b0 Premio<\/strong>\u00a0&#8211; Categoria Vacche Grasse della coscia di Razza Piemontese<\/p>\n<hr \/>\n<div id=\"attachment_28102\" style=\"width: 1034px\" class=\"wp-caption aligncenter\"><a href=\"http:\/\/www.lagranda.it\/wp-content\/uploads\/2018\/03\/IMG_6640_w.jpg\"><img aria-describedby=\"caption-attachment-28102\" loading=\"lazy\" class=\"size-large wp-image-28102\" src=\"http:\/\/www.lagranda.it\/wp-content\/uploads\/2018\/03\/IMG_6640_w-1024x683.jpg\" alt=\"91\u00b0 Fiera del Vitello Grasso di Fossano - Allevatori La Granda\" width=\"1024\" height=\"683\" srcset=\"https:\/\/lagranda.it\/wp-content\/uploads\/2018\/03\/IMG_6640_w-1024x683.jpg 1024w, https:\/\/lagranda.it\/wp-content\/uploads\/2018\/03\/IMG_6640_w-300x200.jpg 300w, https:\/\/lagranda.it\/wp-content\/uploads\/2018\/03\/IMG_6640_w-700x467.jpg 700w, https:\/\/lagranda.it\/wp-content\/uploads\/2018\/03\/IMG_6640_w-1100x733.jpg 1100w, https:\/\/lagranda.it\/wp-content\/uploads\/2018\/03\/IMG_6640_w.jpg 1134w\" sizes=\"(max-width: 1024px) 100vw, 1024px\" \/><\/a><p id=\"caption-attachment-28102\" class=\"wp-caption-text\">91\u00b0 Fiera del Vitello Grasso di Fossano &#8211; Allevatori La Granda<\/p><\/div>\n<p>&nbsp;<\/p>\n<div id=\"attachment_28100\" style=\"width: 1034px\" class=\"wp-caption aligncenter\"><a href=\"http:\/\/www.lagranda.it\/wp-content\/uploads\/2018\/03\/IMG_6634_w.jpg\"><img aria-describedby=\"caption-attachment-28100\" loading=\"lazy\" class=\"size-large wp-image-28100\" src=\"http:\/\/www.lagranda.it\/wp-content\/uploads\/2018\/03\/IMG_6634_w-1024x683.jpg\" alt=\"91\u00b0 Fiera del Vitello Grasso di Fossano\" width=\"1024\" height=\"683\" srcset=\"https:\/\/lagranda.it\/wp-content\/uploads\/2018\/03\/IMG_6634_w-1024x683.jpg 1024w, https:\/\/lagranda.it\/wp-content\/uploads\/2018\/03\/IMG_6634_w-300x200.jpg 300w, https:\/\/lagranda.it\/wp-content\/uploads\/2018\/03\/IMG_6634_w-700x467.jpg 700w, https:\/\/lagranda.it\/wp-content\/uploads\/2018\/03\/IMG_6634_w-1100x733.jpg 1100w, https:\/\/lagranda.it\/wp-content\/uploads\/2018\/03\/IMG_6634_w.jpg 1134w\" sizes=\"(max-width: 1024px) 100vw, 1024px\" \/><\/a><p id=\"caption-attachment-28100\" class=\"wp-caption-text\">91\u00b0 Fiera del Vitello Grasso di Fossano<\/p><\/div>\n<p>&nbsp;<\/p>\n<div id=\"attachment_28081\" style=\"width: 1034px\" class=\"wp-caption aligncenter\"><a href=\"http:\/\/www.lagranda.it\/wp-content\/uploads\/2018\/03\/863888d2-4195-4981-9491-8a37a613aab1.jpg\"><img aria-describedby=\"caption-attachment-28081\" loading=\"lazy\" class=\"size-large wp-image-28081\" src=\"http:\/\/www.lagranda.it\/wp-content\/uploads\/2018\/03\/863888d2-4195-4981-9491-8a37a613aab1-1024x576.jpg\" alt=\"91\u00b0 Fiera del Vitello Grasso di Fossano\" width=\"1024\" height=\"576\" srcset=\"https:\/\/lagranda.it\/wp-content\/uploads\/2018\/03\/863888d2-4195-4981-9491-8a37a613aab1-1024x576.jpg 1024w, https:\/\/lagranda.it\/wp-content\/uploads\/2018\/03\/863888d2-4195-4981-9491-8a37a613aab1-300x169.jpg 300w, https:\/\/lagranda.it\/wp-content\/uploads\/2018\/03\/863888d2-4195-4981-9491-8a37a613aab1-700x394.jpg 700w, https:\/\/lagranda.it\/wp-content\/uploads\/2018\/03\/863888d2-4195-4981-9491-8a37a613aab1-1100x619.jpg 1100w, https:\/\/lagranda.it\/wp-content\/uploads\/2018\/03\/863888d2-4195-4981-9491-8a37a613aab1.jpg 1134w\" sizes=\"(max-width: 1024px) 100vw, 1024px\" \/><\/a><p id=\"caption-attachment-28081\" class=\"wp-caption-text\">91\u00b0 Fiera del Vitello Grasso di Fossano<\/p><\/div>\n<p>&nbsp;<\/p>\n<div id=\"attachment_28080\" style=\"width: 1034px\" class=\"wp-caption aligncenter\"><a href=\"http:\/\/www.lagranda.it\/wp-content\/uploads\/2018\/03\/9b761861-d82d-495d-b5ca-5436578a219a.jpg\"><img aria-describedby=\"caption-attachment-28080\" loading=\"lazy\" class=\"size-large wp-image-28080\" src=\"http:\/\/www.lagranda.it\/wp-content\/uploads\/2018\/03\/9b761861-d82d-495d-b5ca-5436578a219a-1024x729.jpg\" alt=\"91\u00b0 Fiera del Vitello Grasso di Fossano\" width=\"1024\" height=\"729\" srcset=\"https:\/\/lagranda.it\/wp-content\/uploads\/2018\/03\/9b761861-d82d-495d-b5ca-5436578a219a-1024x729.jpg 1024w, https:\/\/lagranda.it\/wp-content\/uploads\/2018\/03\/9b761861-d82d-495d-b5ca-5436578a219a-300x213.jpg 300w, https:\/\/lagranda.it\/wp-content\/uploads\/2018\/03\/9b761861-d82d-495d-b5ca-5436578a219a-700x498.jpg 700w, https:\/\/lagranda.it\/wp-content\/uploads\/2018\/03\/9b761861-d82d-495d-b5ca-5436578a219a-1100x783.jpg 1100w, https:\/\/lagranda.it\/wp-content\/uploads\/2018\/03\/9b761861-d82d-495d-b5ca-5436578a219a.jpg 1134w\" sizes=\"(max-width: 1024px) 100vw, 1024px\" \/><\/a><p id=\"caption-attachment-28080\" class=\"wp-caption-text\">91\u00b0 Fiera del Vitello Grasso di Fossano<\/p><\/div>\n<p>&nbsp;<\/p>\n<div id=\"attachment_28078\" style=\"width: 738px\" class=\"wp-caption aligncenter\"><a href=\"http:\/\/www.lagranda.it\/wp-content\/uploads\/2018\/03\/D03B8295_.jpg\"><img aria-describedby=\"caption-attachment-28078\" loading=\"lazy\" class=\"size-large wp-image-28078\" src=\"http:\/\/www.lagranda.it\/wp-content\/uploads\/2018\/03\/D03B8295_-728x1024.jpg\" alt=\"68\u00b0 Mostra Zootecnica - Cuneo - La Granda\" width=\"728\" height=\"1024\" srcset=\"https:\/\/lagranda.it\/wp-content\/uploads\/2018\/03\/D03B8295_-728x1024.jpg 728w, https:\/\/lagranda.it\/wp-content\/uploads\/2018\/03\/D03B8295_-213x300.jpg 213w, https:\/\/lagranda.it\/wp-content\/uploads\/2018\/03\/D03B8295_-700x985.jpg 700w, https:\/\/lagranda.it\/wp-content\/uploads\/2018\/03\/D03B8295_-1100x1548.jpg 1100w, https:\/\/lagranda.it\/wp-content\/uploads\/2018\/03\/D03B8295_.jpg 1134w\" sizes=\"(max-width: 728px) 100vw, 728px\" \/><\/a><p id=\"caption-attachment-28078\" class=\"wp-caption-text\">68\u00b0 Mostra Zootecnica &#8211; Cuneo &#8211; La Granda<\/p><\/div>\n<p>&nbsp;<\/p>\n<div id=\"attachment_28079\" style=\"width: 738px\" class=\"wp-caption aligncenter\"><a href=\"http:\/\/www.lagranda.it\/wp-content\/uploads\/2018\/03\/D03B8295.jpg\"><img aria-describedby=\"caption-attachment-28079\" loading=\"lazy\" class=\"size-large wp-image-28079\" src=\"http:\/\/www.lagranda.it\/wp-content\/uploads\/2018\/03\/D03B8295-728x1024.jpg\" alt=\"68\u00b0 Mostra Zootecnica - Cuneo - La Granda\" width=\"728\" height=\"1024\" srcset=\"https:\/\/lagranda.it\/wp-content\/uploads\/2018\/03\/D03B8295-728x1024.jpg 728w, https:\/\/lagranda.it\/wp-content\/uploads\/2018\/03\/D03B8295-213x300.jpg 213w, https:\/\/lagranda.it\/wp-content\/uploads\/2018\/03\/D03B8295-700x985.jpg 700w, https:\/\/lagranda.it\/wp-content\/uploads\/2018\/03\/D03B8295-1100x1548.jpg 1100w, https:\/\/lagranda.it\/wp-content\/uploads\/2018\/03\/D03B8295.jpg 1134w\" sizes=\"(max-width: 728px) 100vw, 728px\" \/><\/a><p id=\"caption-attachment-28079\" class=\"wp-caption-text\">68\u00b0 Mostra Zootecnica &#8211; Cuneo &#8211; La Granda<\/p><\/div>\n","protected":false},"excerpt":{"rendered":"<p>La primavera, nella provincia di Cuneo, terra tradizionalmente vocata alla zootecnia, \u00e8&#8230;<\/p>\n","protected":false},"author":2,"featured_media":28102,"comment_status":"closed","ping_status":"open","sticky":false,"template":"","format":"standard","meta":{"om_disable_all_campaigns":false,"_mi_skip_tracking":false},"categories":[89],"tags":[],"acf":[],"aioseo_notices":[],"_links":{"self":[{"href":"https:\/\/lagranda.it\/en\/wp-json\/wp\/v2\/posts\/28069"}],"collection":[{"href":"https:\/\/lagranda.it\/en\/wp-json\/wp\/v2\/posts"}],"about":[{"href":"https:\/\/lagranda.it\/en\/wp-json\/wp\/v2\/types\/post"}],"author":[{"embeddable":true,"href":"https:\/\/lagranda.it\/en\/wp-json\/wp\/v2\/users\/2"}],"replies":[{"embeddable":true,"href":"https:\/\/lagranda.it\/en\/wp-json\/wp\/v2\/comments?post=28069"}],"version-history":[{"count":13,"href":"https:\/\/lagranda.it\/en\/wp-json\/wp\/v2\/posts\/28069\/revisions"}],"predecessor-version":[{"id":28411,"href":"https:\/\/lagranda.it\/en\/wp-json\/wp\/v2\/posts\/28069\/revisions\/28411"}],"wp:featuredmedia":[{"embeddable":true,"href":"https:\/\/lagranda.it\/en\/wp-json\/wp\/v2\/media\/28102"}],"wp:attachment":[{"href":"https:\/\/lagranda.it\/en\/wp-json\/wp\/v2\/media?parent=28069"}],"wp:term":[{"taxonomy":"category","embeddable":true,"href":"https:\/\/lagranda.it\/en\/wp-json\/wp\/v2\/categories?post=28069"},{"taxonomy":"post_tag","embeddable":true,"href":"https:\/\/lagranda.it\/en\/wp-json\/wp\/v2\/tags?post=28069"}],"curies":[{"name":"wp","href":"https:\/\/api.w.org\/{rel}","templated":true}]}}