{"id":27921,"date":"2018-02-26T15:37:34","date_gmt":"2018-02-26T14:37:34","guid":{"rendered":"http:\/\/www.lagranda.it\/?p=27921"},"modified":"2018-03-30T11:19:57","modified_gmt":"2018-03-30T09:19:57","slug":"dario-cecchini-ospite-al-teatro-della-carne-macellaio-e-cuoco-con-il-carre40-de-la-granda","status":"publish","type":"post","link":"https:\/\/lagranda.it\/en\/dario-cecchini-ospite-al-teatro-della-carne-macellaio-e-cuoco-con-il-carre40-de-la-granda\/","title":{"rendered":"Dario Cecchini ospite al Teatro della Carne: macellaio e cuoco con il Carr\u00e8 40 de La Granda"},"content":{"rendered":"<div><\/div>\n<div>Inutile parlare di Chianina, Piemontese o Garronese. C\u2019\u00e8 una sola razza da difendere: quella degli <strong>artigiani macellai<\/strong>.<\/div>\n<div><\/div>\n<div><\/div>\n<div><\/div>\n<div>Un monito, un progetto ed un obiettivo questo, di cui <strong>Dario Cecchini<\/strong>, artigiano, artista e sarto della carne si \u00e8 fatto ambasciatore a <a href=\"https:\/\/www.facebook.com\/teatrodellacarne\/\" target=\"_blank\">Il Teatro della Carne<\/a>, presso <strong>Fico Eataly World<\/strong>, dove Sergio Capaldo de La Granda e la<a href=\"http:\/\/www.macelleriazivieri.it\/\" target=\"_blank\"> famiglia Zivieri<\/a>, dell\u2019omonima macelleria, portano in auge la storia e il piacere carnivoro.<\/div>\n<div><\/div>\n<div><\/div>\n<div><\/div>\n<div>Lo scorso marted\u00ec, infatti, si \u00e8 svolto l\u2019<strong>OpenDay Macellaio<\/strong> a Fico, il format che si svilupper\u00e0 sul palcoscenico del Teatro della Carne e che, settimanalmente, vedr\u00e0 alternarsi macellai da tutta Italia per raccontare modalit\u00e0 di lavorazioni, peculiarit\u00e0 delle razze ed impieghi culinari.<\/div>\n<div><\/div>\n<div><\/div>\n<div><\/div>\n<div>\n<hr \/>\n<\/div>\n<div>\n<blockquote><p>Dario Cecchini, munito di tromba, ha fatto cos\u00ec ingresso a Fico-Eataly World. In alto le costate, il <strong>dry-aging<\/strong>, la cucina primitiva ma soprattutto la ciccia.<br \/>\n<em>Tutto il resto \u00e9 soia!\u00a0<\/em><\/p><\/blockquote>\n<\/div>\n<div><\/div>\n<div><\/div>\n<div><\/div>\n<div><\/div>\n<div>Cecchini si \u00e8 inoltre dilettato prima tra mannaie e fornelli. Protagonista assoluta la <strong>costata di Razza Piemontese de La Granda frollata 40 giorni<\/strong> che, Cecchini, ha\u00a0 preparato al banco macelleria e poi cucinato all\u2019Osteria della Carne.<\/div>\n<div><\/div>\n<div><\/div>\n<div><\/div>\n<div>Tutto secondo il principio della <strong>PRIMITIVIT\u00c0<\/strong>: azzanni alla carne ancora cruda, cottura senza attrezzi ma solo con le mani, pochi minuti di griglia e consumo fino all\u2019osso.<\/div>\n<div><\/div>\n<blockquote>\n<div style=\"text-align: center;\"><strong>VIVA LA CICCIA E CHI LA STROPICCIA!!!<\/strong><\/div>\n<div style=\"text-align: center;\"><strong>\u00a0<\/strong><\/div>\n<\/blockquote>\n<div>\n<div style=\"width: 1034px\" class=\"wp-caption aligncenter\"><a href=\"http:\/\/www.lagranda.it\/wp-content\/uploads\/2018\/02\/FICOOK2_cover.jpg\"><img loading=\"lazy\" class=\"size-large wp-image-27925\" src=\"http:\/\/www.lagranda.it\/wp-content\/uploads\/2018\/02\/FICOOK2_cover-1024x681.jpg\" alt=\"Dario Cecchini - Macellaio Cuoco con il Carr\u00e8 40\" width=\"1024\" height=\"681\" srcset=\"https:\/\/lagranda.it\/wp-content\/uploads\/2018\/02\/FICOOK2_cover-1024x681.jpg 1024w, https:\/\/lagranda.it\/wp-content\/uploads\/2018\/02\/FICOOK2_cover-300x199.jpg 300w, https:\/\/lagranda.it\/wp-content\/uploads\/2018\/02\/FICOOK2_cover-700x465.jpg 700w, https:\/\/lagranda.it\/wp-content\/uploads\/2018\/02\/FICOOK2_cover-1100x731.jpg 1100w, https:\/\/lagranda.it\/wp-content\/uploads\/2018\/02\/FICOOK2_cover.jpg 1134w\" sizes=\"(max-width: 1024px) 100vw, 1024px\" \/><\/a><p class=\"wp-caption-text\">Dario Cecchini &#8211; Macellaio Cuoco con il Carr\u00e8 40<\/p><\/div>\n<div style=\"width: 1034px\" class=\"wp-caption aligncenter\"><a href=\"http:\/\/www.lagranda.it\/wp-content\/uploads\/2018\/02\/827b92c4-ff8e-4b09-96d3-9377b5a0e1de.jpg\"><img loading=\"lazy\" class=\"size-large wp-image-27926\" src=\"http:\/\/www.lagranda.it\/wp-content\/uploads\/2018\/02\/827b92c4-ff8e-4b09-96d3-9377b5a0e1de-1024x731.jpg\" alt=\"Dario Cecchini e Sergio Capaldo - Macellaio Cuoco con il Carr\u00e8 40\" width=\"1024\" height=\"731\" srcset=\"https:\/\/lagranda.it\/wp-content\/uploads\/2018\/02\/827b92c4-ff8e-4b09-96d3-9377b5a0e1de-1024x731.jpg 1024w, https:\/\/lagranda.it\/wp-content\/uploads\/2018\/02\/827b92c4-ff8e-4b09-96d3-9377b5a0e1de-300x214.jpg 300w, https:\/\/lagranda.it\/wp-content\/uploads\/2018\/02\/827b92c4-ff8e-4b09-96d3-9377b5a0e1de-700x500.jpg 700w, https:\/\/lagranda.it\/wp-content\/uploads\/2018\/02\/827b92c4-ff8e-4b09-96d3-9377b5a0e1de-1100x786.jpg 1100w, https:\/\/lagranda.it\/wp-content\/uploads\/2018\/02\/827b92c4-ff8e-4b09-96d3-9377b5a0e1de.jpg 1134w\" sizes=\"(max-width: 1024px) 100vw, 1024px\" \/><\/a><p class=\"wp-caption-text\">Dario Cecchini e Sergio Capaldo &#8211; Macellaio Cuoco con il Carr\u00e8 40<\/p><\/div>\n<div style=\"width: 1034px\" class=\"wp-caption aligncenter\"><a href=\"http:\/\/www.lagranda.it\/wp-content\/uploads\/2018\/02\/7864a81e-2f39-493b-a266-693a6e7994e7.jpg\" target=\"_blank\"><img loading=\"lazy\" class=\"wp-image-27927 size-large\" src=\"http:\/\/www.lagranda.it\/wp-content\/uploads\/2018\/02\/7864a81e-2f39-493b-a266-693a6e7994e7-1024x694.jpg\" alt=\"Dario Cecchini - Macellaio Cuoco con il Carr\u00e8 40\" width=\"1024\" height=\"694\" srcset=\"https:\/\/lagranda.it\/wp-content\/uploads\/2018\/02\/7864a81e-2f39-493b-a266-693a6e7994e7-1024x694.jpg 1024w, https:\/\/lagranda.it\/wp-content\/uploads\/2018\/02\/7864a81e-2f39-493b-a266-693a6e7994e7-300x203.jpg 300w, https:\/\/lagranda.it\/wp-content\/uploads\/2018\/02\/7864a81e-2f39-493b-a266-693a6e7994e7-700x474.jpg 700w, https:\/\/lagranda.it\/wp-content\/uploads\/2018\/02\/7864a81e-2f39-493b-a266-693a6e7994e7-1100x745.jpg 1100w, https:\/\/lagranda.it\/wp-content\/uploads\/2018\/02\/7864a81e-2f39-493b-a266-693a6e7994e7.jpg 1134w\" sizes=\"(max-width: 1024px) 100vw, 1024px\" \/><\/a><p class=\"wp-caption-text\">Dario Cecchini &#8211; Macellaio Cuoco con il Carr\u00e8 40<\/p><\/div>\n<p>&nbsp;<\/p>\n<\/div>\n<div>\n<p>&nbsp;<\/p>\n<p>&nbsp;<\/p>\n<\/div>\n","protected":false},"excerpt":{"rendered":"<p>Inutile parlare di Chianina, Piemontese o Garronese. C\u2019\u00e8 una sola razza da&#8230;<\/p>\n","protected":false},"author":2,"featured_media":27925,"comment_status":"closed","ping_status":"open","sticky":false,"template":"","format":"standard","meta":{"om_disable_all_campaigns":false,"_mi_skip_tracking":false},"categories":[89],"tags":[],"acf":[],"aioseo_notices":[],"_links":{"self":[{"href":"https:\/\/lagranda.it\/en\/wp-json\/wp\/v2\/posts\/27921"}],"collection":[{"href":"https:\/\/lagranda.it\/en\/wp-json\/wp\/v2\/posts"}],"about":[{"href":"https:\/\/lagranda.it\/en\/wp-json\/wp\/v2\/types\/post"}],"author":[{"embeddable":true,"href":"https:\/\/lagranda.it\/en\/wp-json\/wp\/v2\/users\/2"}],"replies":[{"embeddable":true,"href":"https:\/\/lagranda.it\/en\/wp-json\/wp\/v2\/comments?post=27921"}],"version-history":[{"count":12,"href":"https:\/\/lagranda.it\/en\/wp-json\/wp\/v2\/posts\/27921\/revisions"}],"predecessor-version":[{"id":27941,"href":"https:\/\/lagranda.it\/en\/wp-json\/wp\/v2\/posts\/27921\/revisions\/27941"}],"wp:featuredmedia":[{"embeddable":true,"href":"https:\/\/lagranda.it\/en\/wp-json\/wp\/v2\/media\/27925"}],"wp:attachment":[{"href":"https:\/\/lagranda.it\/en\/wp-json\/wp\/v2\/media?parent=27921"}],"wp:term":[{"taxonomy":"category","embeddable":true,"href":"https:\/\/lagranda.it\/en\/wp-json\/wp\/v2\/categories?post=27921"},{"taxonomy":"post_tag","embeddable":true,"href":"https:\/\/lagranda.it\/en\/wp-json\/wp\/v2\/tags?post=27921"}],"curies":[{"name":"wp","href":"https:\/\/api.w.org\/{rel}","templated":true}]}}