{"id":26945,"date":"2017-07-31T15:44:30","date_gmt":"2017-07-31T13:44:30","guid":{"rendered":"http:\/\/www.lagranda.it\/?p=26945"},"modified":"2017-07-31T15:58:28","modified_gmt":"2017-07-31T13:58:28","slug":"la-granda-celebra-le-sue-radici","status":"publish","type":"post","link":"https:\/\/lagranda.it\/en\/la-granda-celebra-le-sue-radici\/","title":{"rendered":"La Granda celebra le sue radici"},"content":{"rendered":"<blockquote><p>Era il 1997. Le radici de La Granda stavano attecchendo nell\u2019omonima provincia. Il neonato Consorzio contava meno di dieci allevatori pronti a mettersi in gioco al fianco di Sergio Capaldo per rilanciare la Razza Piemontese.<\/p><\/blockquote>\n<p>&nbsp;<\/p>\n<p>Valorizzare l\u2019antica razza significava lavorare sull\u2019intera filiera: <strong>dalle radici al piatto<\/strong>. Per questa ragione, viene elaborato un modo diverso di fare agricoltura, sono rivoluzionate le tradizionali prassi zootecniche ed \u00e8 proposta una nuova idea di cucina.<\/p>\n<p>&nbsp;<\/p>\n<blockquote><p>I campi sono coltivati senza chimica, gli animali nutriti con i prodotti della terra, la fisiologia \u00e8 rispettata, le ricette s\u2019identificano in un percorso di crescita collettiva mai autoreferenziale.<\/p><\/blockquote>\n<p>&nbsp;<\/p>\n<p><strong>Ed \u00e8 proprio in questo contesto che inizia l\u2019avventura di un gruppo di amici: allevatori, cuochi e veterinari. Insieme hanno cambiato una parte della zootecnia cuneese. Forse per caso o per destino, hanno contribuito alla genesi della <a href=\"http:\/\/www.lagranda.it\/la-storia-della-cruda-de-la-granda\/\">Cruda de La Granda<\/a>, lungimirante quanto attuale unicit\u00e0 gastronomica.<\/strong><\/p>\n<p>&nbsp;<\/p>\n<p>Insieme hanno dato vita ad una famiglia che, oggi, nell\u2019anniversario della sua nascita, conta pi\u00f9 di 70 aziende agricole a conduzione famigliare riunite e pi\u00f9 di 40 dipendenti impiegati presso il centro di trasformazione.<strong> La Granda ha cos\u00ec celebrato le sue radici.<\/strong><\/p>\n<p>&nbsp;<\/p>\n<p><strong>Nell\u2019occasione, Bruno Cavallero, classe 1947, \u00e8 stato fregiato di una targa al merito. Appassionato allevatore, dal 1996, \u00e8 esempio di lungimiranza e fedelt\u00e0 a La Granda.<\/strong><\/p>\n<p>&nbsp;<br \/>\n<a href=\"http:\/\/www.lagranda.it\/portfolio_page\/la-cruda-de-la-granda-compie-20-anni-le-radici-29-luglio-2017\/\">Scopri tutta la <strong>galleria fotografica!<\/strong><\/a><\/p>\n<p>&nbsp;<\/p>\n<div id=\"attachment_26943\" style=\"width: 1034px\" class=\"wp-caption aligncenter\"><a href=\"http:\/\/www.lagranda.it\/wp-content\/uploads\/2017\/07\/D03B4107.jpg\"><img aria-describedby=\"caption-attachment-26943\" loading=\"lazy\" class=\"size-large wp-image-26943\" src=\"http:\/\/www.lagranda.it\/wp-content\/uploads\/2017\/07\/D03B4107-1024x683.jpg\" alt=\"la CRUDA de La Granda compie 20 anni - Le radici\" width=\"1024\" height=\"683\" srcset=\"https:\/\/lagranda.it\/wp-content\/uploads\/2017\/07\/D03B4107-1024x683.jpg 1024w, https:\/\/lagranda.it\/wp-content\/uploads\/2017\/07\/D03B4107-300x200.jpg 300w, https:\/\/lagranda.it\/wp-content\/uploads\/2017\/07\/D03B4107-700x467.jpg 700w, https:\/\/lagranda.it\/wp-content\/uploads\/2017\/07\/D03B4107-1100x733.jpg 1100w, https:\/\/lagranda.it\/wp-content\/uploads\/2017\/07\/D03B4107.jpg 1134w\" sizes=\"(max-width: 1024px) 100vw, 1024px\" \/><\/a><p id=\"caption-attachment-26943\" class=\"wp-caption-text\">la CRUDA de La Granda compie 20 anni &#8211; Le radici<\/p><\/div>\n<div id=\"attachment_26932\" style=\"width: 1034px\" class=\"wp-caption aligncenter\"><a href=\"http:\/\/www.lagranda.it\/wp-content\/uploads\/2017\/07\/D03B4092.jpg\"><img aria-describedby=\"caption-attachment-26932\" loading=\"lazy\" class=\"size-large wp-image-26932\" src=\"http:\/\/www.lagranda.it\/wp-content\/uploads\/2017\/07\/D03B4092-1024x683.jpg\" alt=\"la CRUDA de La Granda compie 20 anni - Le radici\" width=\"1024\" height=\"683\" srcset=\"https:\/\/lagranda.it\/wp-content\/uploads\/2017\/07\/D03B4092-1024x683.jpg 1024w, https:\/\/lagranda.it\/wp-content\/uploads\/2017\/07\/D03B4092-300x200.jpg 300w, https:\/\/lagranda.it\/wp-content\/uploads\/2017\/07\/D03B4092-700x467.jpg 700w, https:\/\/lagranda.it\/wp-content\/uploads\/2017\/07\/D03B4092-1100x733.jpg 1100w, https:\/\/lagranda.it\/wp-content\/uploads\/2017\/07\/D03B4092.jpg 1134w\" sizes=\"(max-width: 1024px) 100vw, 1024px\" \/><\/a><p id=\"caption-attachment-26932\" class=\"wp-caption-text\">la CRUDA de La Granda compie 20 anni &#8211; Le radici<\/p><\/div>\n<div id=\"attachment_26930\" style=\"width: 1034px\" class=\"wp-caption aligncenter\"><a href=\"http:\/\/www.lagranda.it\/wp-content\/uploads\/2017\/07\/D03B4089.jpg\"><img aria-describedby=\"caption-attachment-26930\" loading=\"lazy\" class=\"size-large wp-image-26930\" src=\"http:\/\/www.lagranda.it\/wp-content\/uploads\/2017\/07\/D03B4089-1024x683.jpg\" alt=\"la CRUDA de La Granda compie 20 anni - Le radici\" width=\"1024\" height=\"683\" srcset=\"https:\/\/lagranda.it\/wp-content\/uploads\/2017\/07\/D03B4089-1024x683.jpg 1024w, https:\/\/lagranda.it\/wp-content\/uploads\/2017\/07\/D03B4089-300x200.jpg 300w, https:\/\/lagranda.it\/wp-content\/uploads\/2017\/07\/D03B4089-700x467.jpg 700w, https:\/\/lagranda.it\/wp-content\/uploads\/2017\/07\/D03B4089-1100x733.jpg 1100w, https:\/\/lagranda.it\/wp-content\/uploads\/2017\/07\/D03B4089.jpg 1134w\" sizes=\"(max-width: 1024px) 100vw, 1024px\" \/><\/a><p id=\"caption-attachment-26930\" class=\"wp-caption-text\">la CRUDA de La Granda compie 20 anni &#8211; Le radici<\/p><\/div>\n<div id=\"attachment_26928\" style=\"width: 1034px\" class=\"wp-caption aligncenter\"><a href=\"http:\/\/www.lagranda.it\/wp-content\/uploads\/2017\/07\/D03B4080.jpg\"><img aria-describedby=\"caption-attachment-26928\" loading=\"lazy\" class=\"size-large wp-image-26928\" src=\"http:\/\/www.lagranda.it\/wp-content\/uploads\/2017\/07\/D03B4080-1024x683.jpg\" alt=\"la CRUDA de La Granda compie 20 anni - Le radici\" width=\"1024\" height=\"683\" srcset=\"https:\/\/lagranda.it\/wp-content\/uploads\/2017\/07\/D03B4080-1024x683.jpg 1024w, https:\/\/lagranda.it\/wp-content\/uploads\/2017\/07\/D03B4080-300x200.jpg 300w, https:\/\/lagranda.it\/wp-content\/uploads\/2017\/07\/D03B4080-700x467.jpg 700w, https:\/\/lagranda.it\/wp-content\/uploads\/2017\/07\/D03B4080-1100x733.jpg 1100w, https:\/\/lagranda.it\/wp-content\/uploads\/2017\/07\/D03B4080.jpg 1134w\" sizes=\"(max-width: 1024px) 100vw, 1024px\" \/><\/a><p id=\"caption-attachment-26928\" class=\"wp-caption-text\">la CRUDA de La Granda compie 20 anni &#8211; Le radici<\/p><\/div>\n<div id=\"attachment_26934\" style=\"width: 1034px\" class=\"wp-caption aligncenter\"><a href=\"http:\/\/www.lagranda.it\/wp-content\/uploads\/2017\/07\/D03B4103.jpg\"><img aria-describedby=\"caption-attachment-26934\" loading=\"lazy\" class=\"size-large wp-image-26934\" src=\"http:\/\/www.lagranda.it\/wp-content\/uploads\/2017\/07\/D03B4103-1024x683.jpg\" alt=\"la CRUDA de La Granda compie 20 anni - Le radici\" width=\"1024\" height=\"683\" srcset=\"https:\/\/lagranda.it\/wp-content\/uploads\/2017\/07\/D03B4103-1024x683.jpg 1024w, https:\/\/lagranda.it\/wp-content\/uploads\/2017\/07\/D03B4103-300x200.jpg 300w, https:\/\/lagranda.it\/wp-content\/uploads\/2017\/07\/D03B4103-700x467.jpg 700w, https:\/\/lagranda.it\/wp-content\/uploads\/2017\/07\/D03B4103-1100x733.jpg 1100w, https:\/\/lagranda.it\/wp-content\/uploads\/2017\/07\/D03B4103.jpg 1134w\" sizes=\"(max-width: 1024px) 100vw, 1024px\" \/><\/a><p id=\"caption-attachment-26934\" class=\"wp-caption-text\">la CRUDA de La Granda compie 20 anni &#8211; Le radici<\/p><\/div>\n","protected":false},"excerpt":{"rendered":"<p>Era il 1997. Le radici de La Granda stavano attecchendo nell\u2019omonima provincia&#8230;.<\/p>\n","protected":false},"author":2,"featured_media":26930,"comment_status":"closed","ping_status":"open","sticky":false,"template":"","format":"standard","meta":{"om_disable_all_campaigns":false,"_mi_skip_tracking":false},"categories":[90,114],"tags":[],"acf":[],"aioseo_notices":[],"_links":{"self":[{"href":"https:\/\/lagranda.it\/en\/wp-json\/wp\/v2\/posts\/26945"}],"collection":[{"href":"https:\/\/lagranda.it\/en\/wp-json\/wp\/v2\/posts"}],"about":[{"href":"https:\/\/lagranda.it\/en\/wp-json\/wp\/v2\/types\/post"}],"author":[{"embeddable":true,"href":"https:\/\/lagranda.it\/en\/wp-json\/wp\/v2\/users\/2"}],"replies":[{"embeddable":true,"href":"https:\/\/lagranda.it\/en\/wp-json\/wp\/v2\/comments?post=26945"}],"version-history":[{"count":4,"href":"https:\/\/lagranda.it\/en\/wp-json\/wp\/v2\/posts\/26945\/revisions"}],"predecessor-version":[{"id":26950,"href":"https:\/\/lagranda.it\/en\/wp-json\/wp\/v2\/posts\/26945\/revisions\/26950"}],"wp:featuredmedia":[{"embeddable":true,"href":"https:\/\/lagranda.it\/en\/wp-json\/wp\/v2\/media\/26930"}],"wp:attachment":[{"href":"https:\/\/lagranda.it\/en\/wp-json\/wp\/v2\/media?parent=26945"}],"wp:term":[{"taxonomy":"category","embeddable":true,"href":"https:\/\/lagranda.it\/en\/wp-json\/wp\/v2\/categories?post=26945"},{"taxonomy":"post_tag","embeddable":true,"href":"https:\/\/lagranda.it\/en\/wp-json\/wp\/v2\/tags?post=26945"}],"curies":[{"name":"wp","href":"https:\/\/api.w.org\/{rel}","templated":true}]}}