{"id":25828,"date":"2017-02-09T13:12:08","date_gmt":"2017-02-09T12:12:08","guid":{"rendered":"http:\/\/www.lagranda.it\/?p=25828"},"modified":"2017-02-14T15:18:00","modified_gmt":"2017-02-14T14:18:00","slug":"cascina-chiappella-dove-i-cometto-hanno-coltivato-la-passione-per-lagricoltura-e-per-la-zootecnia","status":"publish","type":"post","link":"https:\/\/lagranda.it\/en\/cascina-chiappella-dove-i-cometto-hanno-coltivato-la-passione-per-lagricoltura-e-per-la-zootecnia\/","title":{"rendered":"Cascina Chiappella: l\u00e0 dove i Cometto hanno coltivato la passione per l\u2019agricoltura e per la zootecnia"},"content":{"rendered":"<h4><strong>Cent\u2019anni di storia contadina verso La Granda.<\/strong><\/h4>\n<h4>Una cascina voluta dai nobili. \u00c8 questo l\u2019incipit della storia come<strong> allevatori<\/strong> dei <strong>Cometto<\/strong>.<\/h4>\n<p>&nbsp;<\/p>\n<p>Siamo nel XIV secolo e, la dinastia dei Savoia- Acaia, decide di costruire, in quel di Maddalene, una piccola frazione di Fossano, insieme a l\u2019Palas, caratteristico per le sale in stile medioevale, alcune cascine. Tra queste proprio la <strong>Cascina Chiappella<\/strong>, dove i Cometto hanno coltivato la passione per l\u2019<strong>agricoltura<\/strong> e la <strong>zootecnia<\/strong>.<\/p>\n<p>Era il 1878 e <strong>Giuseppe Cometto<\/strong>, emigrato in Sud America, spedisce alla famiglia denaro con cui acquistare dal comune di Fossano, l\u2019allora proprietario, la<strong> Cascina Chiappella<\/strong>. Qui si contano circa 20 ettari coltivati alternando grano, mais e ortaggi mentre i prati sono destinati alla produzione di foraggio per animali. In cascina gi\u00e0 si allevava la <strong><a href=\"http:\/\/www.lagranda.it\/razza-piemontese\/\" target=\"_blank\">Razza Piemontese<\/a><\/strong>.<\/p>\n<hr \/>\n<p>A Giuseppe segue il figlio Giulio e poi Roberto. Nel corso degli anni, l\u2019evoluzione dell\u2019azienda agricola \u00e8 rapida.<\/p>\n<blockquote><p>La descrive cos\u00ec Alessandro, classe 1968, figlio di Roberto: \u201cnegli anni ho visto maturare una nuova idea di produzione, sempre pi\u00f9 attenta alla materia prima, alla salubrit\u00e0 ma anche al gusto stesso della carne\u201d.<\/p><\/blockquote>\n<hr \/>\n<p>I numeri della crescita dell\u2019azienda: nel 1940, anno in cui \u00e8 stato acquistato il primo trattore, si contavano 25 bovini di Piemontese; nel 1958 le Piemontesi sono 40 e viene costruita una nuova stalla per ospitarli; nel 1975 il numero di capi di Piemontese \u00e8 salito a 70, i vitellini appena nati non sono pi\u00f9 venduti al mercato ma l\u2019ingrasso avviene in stalla.<\/p>\n<hr \/>\n<p>La vera rivoluzione, in Cascina Chiappella, ha luogo con l\u2019entrata di <strong>Alessandro Cometto<\/strong>.<\/p>\n<p>\u00c8 lui, nel 1985, a seguire un corso di fecondazione artificiale cos\u00ec da migliorare la genetica dei capi ed \u00e8 sempre Alessandro che, contagiato da <strong>Sergio Capaldo<\/strong>, sceglie di essere parte de<strong><a href=\"http:\/\/www.lagranda.it\/\" target=\"_blank\"> La Granda<\/a><\/strong> nel <strong>1998<\/strong>.<\/p>\n<blockquote><p>\u201cEra una notte d\u2019autunno. Una Piemontese stava partorendo, il nostro veterinario, nello stesso tempo, stava per diventare padre e fu Sergio Capaldo a sostituirlo. In quell\u2019occasione scoprii e scelsi La Granda. Il mercato della carne\u201d, ricorda Alessandro, \u201cera in crisi e Capaldo rappresenta la giusta alternativa\u201d.<\/p><\/blockquote>\n<p>Il timore dei primi mesi nel nuovo consorzio \u00e8 raccontato da Elsa, la mamma di Alessandro:\u201dil mercato non era dalla parte degli allevatori e la ferrea convinzione di mio figlio verso La Granda mi spaventava. Non \u00e8 stato semplice allinearsi al disciplinare imposto da Capaldo, soprattutto per quanto riguardava l\u2019alimentazione, i capi non crescevano\u201d.<\/p>\n<hr \/>\n<p>Oggi per\u00f2, per i Cometto, che contano 15 ettari di campi da coltivare e 45 Piemontesi, La Granda \u00e8 <strong>benessere<\/strong>\u00a0per l\u2019<strong>ambiente<\/strong>, l\u2019<strong>uomo<\/strong> e l\u2019<strong>animale<\/strong>.<\/p>\n<blockquote><p>Il futuro, sempre sotto la regia di Capaldo, \u00e8 nelle mani di Roberto e Giulia, i figli di Alessandro.<\/p><\/blockquote>\n<p>&nbsp;<\/p>\n<p>&nbsp;<\/p>\n<p>&nbsp;<\/p>\n<div id=\"attachment_25841\" style=\"width: 1034px\" class=\"wp-caption aligncenter\"><a href=\"http:\/\/www.lagranda.it\/wp-content\/uploads\/2017\/02\/IMG_2152_web.jpg\" target=\"_blank\"><img aria-describedby=\"caption-attachment-25841\" loading=\"lazy\" class=\"wp-image-25841 size-large\" src=\"http:\/\/www.lagranda.it\/wp-content\/uploads\/2017\/02\/IMG_2152_web-1024x768.jpg\" alt=\"Cometto - Consorzio La Granda - Genola\" width=\"1024\" height=\"768\" srcset=\"https:\/\/lagranda.it\/wp-content\/uploads\/2017\/02\/IMG_2152_web-1024x768.jpg 1024w, https:\/\/lagranda.it\/wp-content\/uploads\/2017\/02\/IMG_2152_web-300x225.jpg 300w, https:\/\/lagranda.it\/wp-content\/uploads\/2017\/02\/IMG_2152_web-800x600.jpg 800w, https:\/\/lagranda.it\/wp-content\/uploads\/2017\/02\/IMG_2152_web-700x525.jpg 700w, https:\/\/lagranda.it\/wp-content\/uploads\/2017\/02\/IMG_2152_web-1100x825.jpg 1100w, https:\/\/lagranda.it\/wp-content\/uploads\/2017\/02\/IMG_2152_web.jpg 1417w\" sizes=\"(max-width: 1024px) 100vw, 1024px\" \/><\/a><p id=\"caption-attachment-25841\" class=\"wp-caption-text\">Cometto &#8211; Consorzio La Granda<\/p><\/div>\n<p>&nbsp;<\/p>\n<p><img loading=\"lazy\" class=\"aligncenter wp-image-25840 size-large\" src=\"http:\/\/www.lagranda.it\/wp-content\/uploads\/2017\/02\/IMG_2165_web-845x1024.jpg\" alt=\"Cometto - Consorzio La Granda - Genola\" width=\"845\" height=\"1024\" srcset=\"https:\/\/lagranda.it\/wp-content\/uploads\/2017\/02\/IMG_2165_web-845x1024.jpg 845w, https:\/\/lagranda.it\/wp-content\/uploads\/2017\/02\/IMG_2165_web-248x300.jpg 248w, https:\/\/lagranda.it\/wp-content\/uploads\/2017\/02\/IMG_2165_web-700x848.jpg 700w, https:\/\/lagranda.it\/wp-content\/uploads\/2017\/02\/IMG_2165_web-1100x1333.jpg 1100w, https:\/\/lagranda.it\/wp-content\/uploads\/2017\/02\/IMG_2165_web.jpg 1417w\" sizes=\"(max-width: 845px) 100vw, 845px\" \/><\/p>\n","protected":false},"excerpt":{"rendered":"<p>Cent\u2019anni di storia contadina verso La Granda. Una cascina voluta dai nobili&#8230;.<\/p>\n","protected":false},"author":2,"featured_media":25838,"comment_status":"closed","ping_status":"open","sticky":false,"template":"","format":"standard","meta":{"om_disable_all_campaigns":false,"_mi_skip_tracking":false},"categories":[90,113],"tags":[],"acf":[],"aioseo_notices":[],"_links":{"self":[{"href":"https:\/\/lagranda.it\/en\/wp-json\/wp\/v2\/posts\/25828"}],"collection":[{"href":"https:\/\/lagranda.it\/en\/wp-json\/wp\/v2\/posts"}],"about":[{"href":"https:\/\/lagranda.it\/en\/wp-json\/wp\/v2\/types\/post"}],"author":[{"embeddable":true,"href":"https:\/\/lagranda.it\/en\/wp-json\/wp\/v2\/users\/2"}],"replies":[{"embeddable":true,"href":"https:\/\/lagranda.it\/en\/wp-json\/wp\/v2\/comments?post=25828"}],"version-history":[{"count":16,"href":"https:\/\/lagranda.it\/en\/wp-json\/wp\/v2\/posts\/25828\/revisions"}],"predecessor-version":[{"id":25870,"href":"https:\/\/lagranda.it\/en\/wp-json\/wp\/v2\/posts\/25828\/revisions\/25870"}],"wp:featuredmedia":[{"embeddable":true,"href":"https:\/\/lagranda.it\/en\/wp-json\/wp\/v2\/media\/25838"}],"wp:attachment":[{"href":"https:\/\/lagranda.it\/en\/wp-json\/wp\/v2\/media?parent=25828"}],"wp:term":[{"taxonomy":"category","embeddable":true,"href":"https:\/\/lagranda.it\/en\/wp-json\/wp\/v2\/categories?post=25828"},{"taxonomy":"post_tag","embeddable":true,"href":"https:\/\/lagranda.it\/en\/wp-json\/wp\/v2\/tags?post=25828"}],"curies":[{"name":"wp","href":"https:\/\/api.w.org\/{rel}","templated":true}]}}