{"id":25562,"date":"2017-01-10T10:32:16","date_gmt":"2017-01-10T09:32:16","guid":{"rendered":"http:\/\/www.lagranda.it\/?p=25562"},"modified":"2017-01-10T10:42:50","modified_gmt":"2017-01-10T09:42:50","slug":"i-cravero-la-quinta-generazione-di-allevatori-per-la-granda","status":"publish","type":"post","link":"https:\/\/lagranda.it\/en\/i-cravero-la-quinta-generazione-di-allevatori-per-la-granda\/","title":{"rendered":"I Cravero, la quinta generazione di allevatori, per La Granda."},"content":{"rendered":"<blockquote>\n<h3><strong>Allevare la Piemontese per un prodotto di qualit\u00e0: un sogno divenuto realt\u00e0 grazie a Sergio Capaldo<\/strong><\/h3>\n<\/blockquote>\n<p><em>Avevo cinque anni. Me lo ricordo perfettamente, come se fosse ieri. Ero seduto in cortile, a fianco del campo di grano. Giocavo con i tutoli del mais, ne avevo cento. Li legai insieme e, in un volo pindarico con la fantasia, trasformai quei tutoli in vacche di Razza Piemontese. Al tempo mio padre ne possedeva dieci ma volevo realizzare il mio sogno, ne volevo cento. Si, la mia stalla, un giorno, ne avrebbe ospitate cento.<\/em><\/p>\n<blockquote><p>Lo racconta oggi Eraldo Cravero, classe 1954, <strong>fiero allevatore<\/strong> fin dalla nascita, che ha visto concretizzare il suo sogno. Complici in questo cammino i figli Walter del 1991 e Guido del 1998, <strong>quinta generazione<\/strong> di allevatori, gi\u00e0 alla guida dell\u2019azienda che conta <strong>190 capi<\/strong> di <a href=\"http:\/\/www.lagranda.it\/razza-piemontese\/\" target=\"_blank\">Razza Piemontese<\/a> ed oltre 30 ettari di campi.<\/p>\n<p>&nbsp;<\/p><\/blockquote>\n<p>\u201cHo realizzato il mio sogno, il traguardo delle cento Piemontesi \u00e8 stato raggiunto ma soprattutto sono contento e fiero di aver tramandato la passione per l\u2019<strong>agricoltura<\/strong> e la <strong>zootecnia<\/strong> ai miei figli. Oggi siamo una squadra e, nelle loro mani, vedo un futuro\u201d, prosegue Eraldo e lo confermano i figli.<\/p>\n<p>\u201cNella campagna ho visto il mio domani e non ho sbagliato. Questa mi appaga e mi gratifica. I sacrifici non mi abbattono n\u00e9 mi spaventano\u201d, commenta Walter.<\/p>\n<hr \/>\n<blockquote><p>Allevatori da cinque generazioni, per i Cravero, la svolta \u00e8 stata <strong><a href=\"http:\/\/www.lagranda.it\" target=\"_blank\">La Granda<\/a><\/strong>, a cui hanno aderito nel 2006.<\/p><\/blockquote>\n<p>\u201cRaggiunte le cento vacche, avevo un altro sogno, quello di poter offrire, con la Piemontese, un <strong>prodotto di qualit\u00e0<\/strong>. In un mercato che annientava la figura dell\u2019allevatore, Capaldo, che voglio descrivere come un rivoluzionario contagioso, \u00e8 stato l\u2019uomo che ha permesso di realizzare il mio secondo sogno\u201d, dice Eraldo.<\/p>\n<hr \/>\n<blockquote><p>La secondo svolta nel 2009 quando Walter, il figlio pi\u00f9 grande, entra a far parte dell\u2019azienda.<\/p><\/blockquote>\n<p>\u201cHo sempre aiutato mio padre, al mio rientro da scuola scendevo in stalla o nei campi. L\u2019ufficialit\u00e0 della mia entrata nell\u2019azienda agricola ha portato con s\u00e9 l\u2019<strong>ampliamento della stalla<\/strong> e l\u2019<strong>acquisto di nuovi macchinari e attrezzature<\/strong>. Con mio padre mai uno scontro generazionale ma condivisione di idee, prima fra tutte quella di essere parte de <strong>La Granda<\/strong>\u201d, racconta Walter.<\/p>\n<hr \/>\n<blockquote><p>A completare l\u2019azienda agricola, la scelta dell\u2019ultimogenito, Guido, di dedicarsi all\u2019allevamento di famiglia.<\/p><\/blockquote>\n<p>\u201cCon mio fratello ci dividiamo i compiti, chi segue la campagna e chi gli animali. Da quando siamo in azienda non ci sono mai state n\u00e9 ferie o vacanze, alle sei si \u00e8 gi\u00e0 in stalla e non si sa mai quando si torna a casa ma sono certo, <strong>ne vale la pena<\/strong>!\u201d, conclude Walter.<\/p>\n<div id=\"attachment_25665\" style=\"width: 997px\" class=\"wp-caption aligncenter\"><a href=\"http:\/\/www.lagranda.it\/wp-content\/uploads\/2017\/01\/CRAVERO_storica.jpg\" target=\"_blank\"><img aria-describedby=\"caption-attachment-25665\" loading=\"lazy\" class=\"wp-image-25665 size-full\" src=\"http:\/\/www.lagranda.it\/wp-content\/uploads\/2017\/01\/CRAVERO_storica.jpg\" alt=\"Cravero - La Granda\" width=\"987\" height=\"864\" srcset=\"https:\/\/lagranda.it\/wp-content\/uploads\/2017\/01\/CRAVERO_storica.jpg 987w, https:\/\/lagranda.it\/wp-content\/uploads\/2017\/01\/CRAVERO_storica-300x263.jpg 300w, https:\/\/lagranda.it\/wp-content\/uploads\/2017\/01\/CRAVERO_storica-700x613.jpg 700w\" sizes=\"(max-width: 987px) 100vw, 987px\" \/><\/a><p id=\"caption-attachment-25665\" class=\"wp-caption-text\">Cravero &#8211; La Granda<\/p><\/div>\n","protected":false},"excerpt":{"rendered":"<p>Allevare la Piemontese per un prodotto di qualit\u00e0: un sogno divenuto realt\u00e0&#8230;<\/p>\n","protected":false},"author":2,"featured_media":25664,"comment_status":"closed","ping_status":"open","sticky":false,"template":"","format":"standard","meta":{"om_disable_all_campaigns":false,"_mi_skip_tracking":false},"categories":[90,113],"tags":[],"acf":[],"aioseo_notices":[],"_links":{"self":[{"href":"https:\/\/lagranda.it\/en\/wp-json\/wp\/v2\/posts\/25562"}],"collection":[{"href":"https:\/\/lagranda.it\/en\/wp-json\/wp\/v2\/posts"}],"about":[{"href":"https:\/\/lagranda.it\/en\/wp-json\/wp\/v2\/types\/post"}],"author":[{"embeddable":true,"href":"https:\/\/lagranda.it\/en\/wp-json\/wp\/v2\/users\/2"}],"replies":[{"embeddable":true,"href":"https:\/\/lagranda.it\/en\/wp-json\/wp\/v2\/comments?post=25562"}],"version-history":[{"count":6,"href":"https:\/\/lagranda.it\/en\/wp-json\/wp\/v2\/posts\/25562\/revisions"}],"predecessor-version":[{"id":25667,"href":"https:\/\/lagranda.it\/en\/wp-json\/wp\/v2\/posts\/25562\/revisions\/25667"}],"wp:featuredmedia":[{"embeddable":true,"href":"https:\/\/lagranda.it\/en\/wp-json\/wp\/v2\/media\/25664"}],"wp:attachment":[{"href":"https:\/\/lagranda.it\/en\/wp-json\/wp\/v2\/media?parent=25562"}],"wp:term":[{"taxonomy":"category","embeddable":true,"href":"https:\/\/lagranda.it\/en\/wp-json\/wp\/v2\/categories?post=25562"},{"taxonomy":"post_tag","embeddable":true,"href":"https:\/\/lagranda.it\/en\/wp-json\/wp\/v2\/tags?post=25562"}],"curies":[{"name":"wp","href":"https:\/\/api.w.org\/{rel}","templated":true}]}}